{"id":10115,"date":"2022-12-16T12:13:35","date_gmt":"2022-12-16T11:13:35","guid":{"rendered":"https:\/\/hegoaldeikastola.educacion.navarra.es\/web\/blog\/2022\/12\/18\/postales-navidenas-para-las-personas-mayores-del-barrio\/"},"modified":"2022-12-18T12:13:46","modified_gmt":"2022-12-18T11:13:46","slug":"postales-navidenas-para-las-personas-mayores-del-barrio","status":"publish","type":"post","link":"https:\/\/hegoaldeikastola.educacion.navarra.es\/web\/es\/blog\/2022\/12\/16\/postales-navidenas-para-las-personas-mayores-del-barrio\/","title":{"rendered":"Postales navide\u00f1as para las personas mayores del barrio"},"content":{"rendered":"\n<p>El alumnado de 2\u00ba de primaria ha dise\u00f1ado unas coloridas postales para felicitar la Navidad a las personas de m\u00e1s edad del barrio que viven solas. Esta iniciativa surgi\u00f3 en el seno del Grupo Comunitario de la Red de Infancia del barrio y ha sido promovida por distintas entidades locales.  A trav\u00e9s de ella, se pretende sensibilizar al alumnado en la importancia del cuidado de nuestros y nuestras mayores y adem\u00e1s se espera que sea un motivo de alegr\u00eda para aquellas personas que, en estos d\u00edas, m\u00e1s lo necesitan.<\/p>\n\n<figure class=\"wp-block-gallery has-nested-images columns-4 is-cropped\">\n<figure class=\"wp-block-image size-large\"><a href=\"https:\/\/hegoaldeikastola.educacion.navarra.es\/web\/wp-content\/uploads\/2022\/12\/20221215_132138-scaled.jpg\"><img loading=\"lazy\" width=\"1024\" height=\"768\" data-id=\"10106\"  src=\"https:\/\/hegoaldeikastola.educacion.navarra.es\/web\/wp-content\/uploads\/2022\/12\/20221215_132138-1024x768.jpg\" alt=\"\" class=\"wp-image-10106\" srcset=\"https:\/\/hegoaldeikastola.educacion.navarra.es\/web\/wp-content\/uploads\/2022\/12\/20221215_132138-1024x768.jpg 1024w, https:\/\/hegoaldeikastola.educacion.navarra.es\/web\/wp-content\/uploads\/2022\/12\/20221215_132138-300x225.jpg 300w, https:\/\/hegoaldeikastola.educacion.navarra.es\/web\/wp-content\/uploads\/2022\/12\/20221215_132138-768x576.jpg 768w, https:\/\/hegoaldeikastola.educacion.navarra.es\/web\/wp-content\/uploads\/2022\/12\/20221215_132138-1536x1152.jpg 1536w, https:\/\/hegoaldeikastola.educacion.navarra.es\/web\/wp-content\/uploads\/2022\/12\/20221215_132138-2048x1536.jpg 2048w, https:\/\/hegoaldeikastola.educacion.navarra.es\/web\/wp-content\/uploads\/2022\/12\/20221215_132138-400x300.jpg 400w\" sizes=\"(max-width: 1024px) 100vw, 1024px\" \/><\/a><\/figure>\n\n\n<figure class=\"wp-block-image size-large\"><a href=\"https:\/\/hegoaldeikastola.educacion.navarra.es\/web\/wp-content\/uploads\/2022\/12\/20221215_132402-1024x768.jpg\"><img loading=\"lazy\" width=\"1024\" height=\"768\" data-id=\"10112\"  src=\"https:\/\/hegoaldeikastola.educacion.navarra.es\/web\/wp-content\/uploads\/2022\/12\/20221215_132402-1024x768.jpg\" alt=\"\" class=\"wp-image-10112\" srcset=\"https:\/\/hegoaldeikastola.educacion.navarra.es\/web\/wp-content\/uploads\/2022\/12\/20221215_132402-1024x768.jpg 1024w, https:\/\/hegoaldeikastola.educacion.navarra.es\/web\/wp-content\/uploads\/2022\/12\/20221215_132402-300x225.jpg 300w, https:\/\/hegoaldeikastola.educacion.navarra.es\/web\/wp-content\/uploads\/2022\/12\/20221215_132402-768x576.jpg 768w, https:\/\/hegoaldeikastola.educacion.navarra.es\/web\/wp-content\/uploads\/2022\/12\/20221215_132402-1536x1152.jpg 1536w, https:\/\/hegoaldeikastola.educacion.navarra.es\/web\/wp-content\/uploads\/2022\/12\/20221215_132402-400x300.jpg 400w, https:\/\/hegoaldeikastola.educacion.navarra.es\/web\/wp-content\/uploads\/2022\/12\/20221215_132402.jpg 2016w\" sizes=\"(max-width: 1024px) 100vw, 1024px\" \/><\/a><\/figure>\n\n\n<figure class=\"wp-block-image size-large\"><a href=\"https:\/\/hegoaldeikastola.educacion.navarra.es\/web\/wp-content\/uploads\/2022\/12\/20221215_132316-scaled.jpg\"><img loading=\"lazy\" width=\"1024\" height=\"768\" data-id=\"10107\"  src=\"https:\/\/hegoaldeikastola.educacion.navarra.es\/web\/wp-content\/uploads\/2022\/12\/20221215_132316-1024x768.jpg\" alt=\"\" class=\"wp-image-10107\" srcset=\"https:\/\/hegoaldeikastola.educacion.navarra.es\/web\/wp-content\/uploads\/2022\/12\/20221215_132316-1024x768.jpg 1024w, https:\/\/hegoaldeikastola.educacion.navarra.es\/web\/wp-content\/uploads\/2022\/12\/20221215_132316-300x225.jpg 300w, https:\/\/hegoaldeikastola.educacion.navarra.es\/web\/wp-content\/uploads\/2022\/12\/20221215_132316-768x576.jpg 768w, https:\/\/hegoaldeikastola.educacion.navarra.es\/web\/wp-content\/uploads\/2022\/12\/20221215_132316-1536x1152.jpg 1536w, https:\/\/hegoaldeikastola.educacion.navarra.es\/web\/wp-content\/uploads\/2022\/12\/20221215_132316-2048x1536.jpg 2048w, https:\/\/hegoaldeikastola.educacion.navarra.es\/web\/wp-content\/uploads\/2022\/12\/20221215_132316-400x300.jpg 400w\" sizes=\"(max-width: 1024px) 100vw, 1024px\" \/><\/a><\/figure>\n\n\n<figure class=\"wp-block-image size-large\"><a href=\"https:\/\/hegoaldeikastola.educacion.navarra.es\/web\/wp-content\/uploads\/2022\/12\/20221215_132236-scaled.jpg\"><img loading=\"lazy\" width=\"1024\" height=\"768\" data-id=\"10110\"  src=\"https:\/\/hegoaldeikastola.educacion.navarra.es\/web\/wp-content\/uploads\/2022\/12\/20221215_132236-1024x768.jpg\" alt=\"\" class=\"wp-image-10110\" srcset=\"https:\/\/hegoaldeikastola.educacion.navarra.es\/web\/wp-content\/uploads\/2022\/12\/20221215_132236-1024x768.jpg 1024w, https:\/\/hegoaldeikastola.educacion.navarra.es\/web\/wp-content\/uploads\/2022\/12\/20221215_132236-300x225.jpg 300w, https:\/\/hegoaldeikastola.educacion.navarra.es\/web\/wp-content\/uploads\/2022\/12\/20221215_132236-768x576.jpg 768w, https:\/\/hegoaldeikastola.educacion.navarra.es\/web\/wp-content\/uploads\/2022\/12\/20221215_132236-1536x1152.jpg 1536w, https:\/\/hegoaldeikastola.educacion.navarra.es\/web\/wp-content\/uploads\/2022\/12\/20221215_132236-2048x1536.jpg 2048w, https:\/\/hegoaldeikastola.educacion.navarra.es\/web\/wp-content\/uploads\/2022\/12\/20221215_132236-400x300.jpg 400w\" sizes=\"(max-width: 1024px) 100vw, 1024px\" \/><\/a><\/figure><\/figure>\n","protected":false},"excerpt":{"rendered":"<p>El alumnado de 2\u00ba de primaria ha dise\u00f1ado unas coloridas postales para felicitar la Navidad a las personas de m\u00e1s edad del barrio que viven solas. Esta iniciativa surgi\u00f3 en el seno del Grupo Comunitario de la Red de Infancia &hellip; <a href=\"https:\/\/hegoaldeikastola.educacion.navarra.es\/web\/es\/blog\/2022\/12\/16\/postales-navidenas-para-las-personas-mayores-del-barrio\/\">Sigue leyendo <span class=\"meta-nav\">&rarr;<\/span><\/a><\/p>\n","protected":false},"author":1,"featured_media":0,"comment_status":"open","ping_status":"open","sticky":false,"template":"","format":"standard","meta":[],"categories":[84,62],"tags":[],"featured_image_src":null,"featured_image_src_square":null,"author_info":{"display_name":"Administrazioa","author_link":"https:\/\/hegoaldeikastola.educacion.navarra.es\/web\/es\/blog\/author\/ikahegowpadmin\/"},"_links":{"self":[{"href":"https:\/\/hegoaldeikastola.educacion.navarra.es\/web\/es\/wp-json\/wp\/v2\/posts\/10115"}],"collection":[{"href":"https:\/\/hegoaldeikastola.educacion.navarra.es\/web\/es\/wp-json\/wp\/v2\/posts"}],"about":[{"href":"https:\/\/hegoaldeikastola.educacion.navarra.es\/web\/es\/wp-json\/wp\/v2\/types\/post"}],"author":[{"embeddable":true,"href":"https:\/\/hegoaldeikastola.educacion.navarra.es\/web\/es\/wp-json\/wp\/v2\/users\/1"}],"replies":[{"embeddable":true,"href":"https:\/\/hegoaldeikastola.educacion.navarra.es\/web\/es\/wp-json\/wp\/v2\/comments?post=10115"}],"version-history":[{"count":2,"href":"https:\/\/hegoaldeikastola.educacion.navarra.es\/web\/es\/wp-json\/wp\/v2\/posts\/10115\/revisions"}],"predecessor-version":[{"id":10117,"href":"https:\/\/hegoaldeikastola.educacion.navarra.es\/web\/es\/wp-json\/wp\/v2\/posts\/10115\/revisions\/10117"}],"wp:attachment":[{"href":"https:\/\/hegoaldeikastola.educacion.navarra.es\/web\/es\/wp-json\/wp\/v2\/media?parent=10115"}],"wp:term":[{"taxonomy":"category","embeddable":true,"href":"https:\/\/hegoaldeikastola.educacion.navarra.es\/web\/es\/wp-json\/wp\/v2\/categories?post=10115"},{"taxonomy":"post_tag","embeddable":true,"href":"https:\/\/hegoaldeikastola.educacion.navarra.es\/web\/es\/wp-json\/wp\/v2\/tags?post=10115"}],"curies":[{"name":"wp","href":"https:\/\/api.w.org\/{rel}","templated":true}]}}