{"id":10872,"date":"2023-02-03T23:59:40","date_gmt":"2023-02-03T22:59:40","guid":{"rendered":"https:\/\/hegoaldeikastola.educacion.navarra.es\/web\/blog\/2023\/02\/08\/agate-deuna\/"},"modified":"2023-02-08T08:16:52","modified_gmt":"2023-02-08T07:16:52","slug":"agate-deuna","status":"publish","type":"post","link":"https:\/\/hegoaldeikastola.educacion.navarra.es\/web\/es\/blog\/2023\/02\/03\/agate-deuna\/","title":{"rendered":"AGATE DEUNA"},"content":{"rendered":"\n<p>Como es tradici\u00f3n, este a\u00f1o tambi\u00e9n hemos salido con nuestros bikotes a cantar nuestras coplas favoritas a distintos puntos del barrio por Santa \u00c1gueda; \u00a1un d\u00eda precioso! Aqu\u00ed ten\u00e9is algunas fotos:<\/p>\n\n<div class=\"wp-container-1 wp-block-buttons\">\n<div class=\"wp-block-button\"><a class=\"wp-block-button__link has-blue-background-color has-background\" href=\"https:\/\/photos.app.goo.gl\/nRuztZBrznjDJXcA8\" target=\"_blank\" rel=\"noreferrer noopener\">FOTOS<\/a><\/div>\n<\/div>\n\n<div class=\"wp-block-image is-style-rounded\"><figure class=\"aligncenter size-large is-resized\"><img loading=\"lazy\" src=\"https:\/\/hegoaldeikastola.educacion.navarra.es\/web\/wp-content\/uploads\/2023\/02\/egutegia-agate-deuna-kolorez-1024x826.jpg\" alt=\"\" class=\"wp-image-10869\" width=\"332\" height=\"271\"\/><\/figure><\/div>\n","protected":false},"excerpt":{"rendered":"<p>Como es tradici\u00f3n, este a\u00f1o tambi\u00e9n hemos salido con nuestros bikotes a cantar nuestras coplas favoritas a distintos puntos del barrio por Santa \u00c1gueda; \u00a1un d\u00eda precioso! Aqu\u00ed ten\u00e9is algunas fotos:<\/p>\n","protected":false},"author":1,"featured_media":0,"comment_status":"open","ping_status":"open","sticky":false,"template":"","format":"standard","meta":[],"categories":[96,9],"tags":[],"featured_image_src":null,"featured_image_src_square":null,"author_info":{"display_name":"Administrazioa","author_link":"https:\/\/hegoaldeikastola.educacion.navarra.es\/web\/es\/blog\/author\/ikahegowpadmin\/"},"_links":{"self":[{"href":"https:\/\/hegoaldeikastola.educacion.navarra.es\/web\/es\/wp-json\/wp\/v2\/posts\/10872"}],"collection":[{"href":"https:\/\/hegoaldeikastola.educacion.navarra.es\/web\/es\/wp-json\/wp\/v2\/posts"}],"about":[{"href":"https:\/\/hegoaldeikastola.educacion.navarra.es\/web\/es\/wp-json\/wp\/v2\/types\/post"}],"author":[{"embeddable":true,"href":"https:\/\/hegoaldeikastola.educacion.navarra.es\/web\/es\/wp-json\/wp\/v2\/users\/1"}],"replies":[{"embeddable":true,"href":"https:\/\/hegoaldeikastola.educacion.navarra.es\/web\/es\/wp-json\/wp\/v2\/comments?post=10872"}],"version-history":[{"count":1,"href":"https:\/\/hegoaldeikastola.educacion.navarra.es\/web\/es\/wp-json\/wp\/v2\/posts\/10872\/revisions"}],"predecessor-version":[{"id":10873,"href":"https:\/\/hegoaldeikastola.educacion.navarra.es\/web\/es\/wp-json\/wp\/v2\/posts\/10872\/revisions\/10873"}],"wp:attachment":[{"href":"https:\/\/hegoaldeikastola.educacion.navarra.es\/web\/es\/wp-json\/wp\/v2\/media?parent=10872"}],"wp:term":[{"taxonomy":"category","embeddable":true,"href":"https:\/\/hegoaldeikastola.educacion.navarra.es\/web\/es\/wp-json\/wp\/v2\/categories?post=10872"},{"taxonomy":"post_tag","embeddable":true,"href":"https:\/\/hegoaldeikastola.educacion.navarra.es\/web\/es\/wp-json\/wp\/v2\/tags?post=10872"}],"curies":[{"name":"wp","href":"https:\/\/api.w.org\/{rel}","templated":true}]}}