{"id":14393,"date":"2024-01-31T09:00:32","date_gmt":"2024-01-31T08:00:32","guid":{"rendered":"https:\/\/hegoaldeikastola.educacion.navarra.es\/web\/blog\/2024\/01\/30\/video-del-dia-de-olentzero-2\/"},"modified":"2024-01-31T18:40:19","modified_gmt":"2024-01-31T17:40:19","slug":"video-del-dia-de-olentzero-2","status":"publish","type":"post","link":"https:\/\/hegoaldeikastola.educacion.navarra.es\/web\/es\/blog\/2024\/01\/31\/video-del-dia-de-olentzero-2\/","title":{"rendered":"V\u00cdDEO DEL D\u00cdA DE OLENTZERO"},"content":{"rendered":"\n<p>Ya ten\u00e9is disponible el v\u00eddeo profesional del d\u00eda de Olentzero; \u00a1disfrutadlo! Mila-mila esker, Gorka, por este maravilloso trabajo.<\/p>\n\n<figure class=\"wp-block-embed is-type-video is-provider-youtube wp-block-embed-youtube wp-embed-aspect-16-9 wp-has-aspect-ratio\"><div class=\"wp-block-embed__wrapper\">\r\n<iframe loading=\"lazy\" title=\"OLENTZERO 2023 - HEGOALDE IKASTOLA\" width=\"584\" height=\"329\" src=\"https:\/\/www.youtube.com\/embed\/KesKWvrq7HY?feature=oembed\" frameborder=\"0\" allow=\"accelerometer; autoplay; clipboard-write; encrypted-media; gyroscope; picture-in-picture; web-share\" allowfullscreen><\/iframe>\r\n<\/div><\/figure>\r\n","protected":false},"excerpt":{"rendered":"<p>Ya ten\u00e9is disponible el v\u00eddeo profesional del d\u00eda de Olentzero; \u00a1disfrutadlo! Mila-mila esker, Gorka, por este maravilloso trabajo.<\/p>\n","protected":false},"author":1,"featured_media":0,"comment_status":"open","ping_status":"open","sticky":false,"template":"","format":"standard","meta":[],"categories":[96,9],"tags":[],"featured_image_src":null,"featured_image_src_square":null,"author_info":{"display_name":"Administrazioa","author_link":"https:\/\/hegoaldeikastola.educacion.navarra.es\/web\/es\/blog\/author\/ikahegowpadmin\/"},"_links":{"self":[{"href":"https:\/\/hegoaldeikastola.educacion.navarra.es\/web\/es\/wp-json\/wp\/v2\/posts\/14393"}],"collection":[{"href":"https:\/\/hegoaldeikastola.educacion.navarra.es\/web\/es\/wp-json\/wp\/v2\/posts"}],"about":[{"href":"https:\/\/hegoaldeikastola.educacion.navarra.es\/web\/es\/wp-json\/wp\/v2\/types\/post"}],"author":[{"embeddable":true,"href":"https:\/\/hegoaldeikastola.educacion.navarra.es\/web\/es\/wp-json\/wp\/v2\/users\/1"}],"replies":[{"embeddable":true,"href":"https:\/\/hegoaldeikastola.educacion.navarra.es\/web\/es\/wp-json\/wp\/v2\/comments?post=14393"}],"version-history":[{"count":1,"href":"https:\/\/hegoaldeikastola.educacion.navarra.es\/web\/es\/wp-json\/wp\/v2\/posts\/14393\/revisions"}],"predecessor-version":[{"id":14394,"href":"https:\/\/hegoaldeikastola.educacion.navarra.es\/web\/es\/wp-json\/wp\/v2\/posts\/14393\/revisions\/14394"}],"wp:attachment":[{"href":"https:\/\/hegoaldeikastola.educacion.navarra.es\/web\/es\/wp-json\/wp\/v2\/media?parent=14393"}],"wp:term":[{"taxonomy":"category","embeddable":true,"href":"https:\/\/hegoaldeikastola.educacion.navarra.es\/web\/es\/wp-json\/wp\/v2\/categories?post=14393"},{"taxonomy":"post_tag","embeddable":true,"href":"https:\/\/hegoaldeikastola.educacion.navarra.es\/web\/es\/wp-json\/wp\/v2\/tags?post=14393"}],"curies":[{"name":"wp","href":"https:\/\/api.w.org\/{rel}","templated":true}]}}