{"id":17127,"date":"2024-12-09T13:35:06","date_gmt":"2024-12-09T12:35:06","guid":{"rendered":"https:\/\/hegoaldeikastola.educacion.navarra.es\/web\/blog\/2024\/12\/10\/cuento-en-cadena-2\/"},"modified":"2024-12-10T13:35:26","modified_gmt":"2024-12-10T12:35:26","slug":"cuento-en-cadena-2","status":"publish","type":"post","link":"https:\/\/hegoaldeikastola.educacion.navarra.es\/web\/es\/blog\/2024\/12\/09\/cuento-en-cadena-2\/","title":{"rendered":"Cuento en cadena"},"content":{"rendered":"\n<p>Hoy hemos ido a la biblioteca de San Francisco a participar en un evento sobre \u201cIpuina eskuz esku\u201d en el que particip\u00f3 Hegoalde Ikastola. All\u00ed se encontraba Ana Jaka, la autora del comienzo del libro y hemos le\u00eddo diferentes partes del cuento. Tambi\u00e9n hemos podido hablar con Ana, realizarle unas preguntas y escuchar sus vivencias y anecdotas como escritora. Adem\u00e1s luego nos han entrevistado! Hemos estado muy a gusto!<\/p>\n\n<div class=\"wp-container-1 wp-block-buttons\">\n<div class=\"wp-block-button\"><a class=\"wp-block-button__link has-blue-background-color has-background\" href=\"https:\/\/pazyconvivencia.navarra.es\/es\/cuento-cadena-derechos-humanos\" target=\"_blank\" rel=\"noreferrer noopener\">1\u00aa NOTICIA<\/a><\/div>\n\n\n\n<div class=\"wp-block-button\"><a class=\"wp-block-button__link has-blue-background-color has-background\" href=\"https:\/\/pamplonaactual.com\/pamplona-actual\/319392\/alumnado-de-educacion-primaria-de-diferentes-centros-educativos-de-navarra-presenta-el-libro-cuento-cadena-por-los-derechos-humanos-2024\/\" target=\"_blank\" rel=\"noreferrer noopener\">2\u00aa NOTICIA<\/a><\/div>\n<\/div>\n\n<figure class=\"wp-block-gallery has-nested-images columns-5 is-cropped\">\n<figure class=\"wp-block-image size-large\"><a href=\"https:\/\/hegoaldeikastola.educacion.navarra.es\/web\/wp-content\/uploads\/2024\/12\/PXL_20241209_095628847.MP_.jpg\"><img loading=\"lazy\" width=\"1020\" height=\"768\" data-id=\"17116\"  src=\"https:\/\/hegoaldeikastola.educacion.navarra.es\/web\/wp-content\/uploads\/2024\/12\/PXL_20241209_095628847.MP_.jpg\" alt=\"\" class=\"wp-image-17116\" srcset=\"https:\/\/hegoaldeikastola.educacion.navarra.es\/web\/wp-content\/uploads\/2024\/12\/PXL_20241209_095628847.MP_.jpg 1020w, https:\/\/hegoaldeikastola.educacion.navarra.es\/web\/wp-content\/uploads\/2024\/12\/PXL_20241209_095628847.MP_-300x226.jpg 300w, https:\/\/hegoaldeikastola.educacion.navarra.es\/web\/wp-content\/uploads\/2024\/12\/PXL_20241209_095628847.MP_-768x578.jpg 768w, https:\/\/hegoaldeikastola.educacion.navarra.es\/web\/wp-content\/uploads\/2024\/12\/PXL_20241209_095628847.MP_-398x300.jpg 398w\" sizes=\"(max-width: 1020px) 100vw, 1020px\" \/><\/a><\/figure>\n\n\n<figure class=\"wp-block-image size-large\"><a href=\"https:\/\/hegoaldeikastola.educacion.navarra.es\/web\/wp-content\/uploads\/2024\/12\/PXL_20241209_104611784.MP_.jpg\"><img loading=\"lazy\" width=\"1020\" height=\"768\" data-id=\"17120\"  src=\"https:\/\/hegoaldeikastola.educacion.navarra.es\/web\/wp-content\/uploads\/2024\/12\/PXL_20241209_104611784.MP_.jpg\" alt=\"\" class=\"wp-image-17120\" srcset=\"https:\/\/hegoaldeikastola.educacion.navarra.es\/web\/wp-content\/uploads\/2024\/12\/PXL_20241209_104611784.MP_.jpg 1020w, https:\/\/hegoaldeikastola.educacion.navarra.es\/web\/wp-content\/uploads\/2024\/12\/PXL_20241209_104611784.MP_-300x226.jpg 300w, https:\/\/hegoaldeikastola.educacion.navarra.es\/web\/wp-content\/uploads\/2024\/12\/PXL_20241209_104611784.MP_-768x578.jpg 768w, https:\/\/hegoaldeikastola.educacion.navarra.es\/web\/wp-content\/uploads\/2024\/12\/PXL_20241209_104611784.MP_-398x300.jpg 398w\" sizes=\"(max-width: 1020px) 100vw, 1020px\" \/><\/a><\/figure>\n\n\n<figure class=\"wp-block-image size-large\"><a href=\"https:\/\/hegoaldeikastola.educacion.navarra.es\/web\/wp-content\/uploads\/2024\/12\/PXL_20241209_105136749.MP_.jpg\"><img loading=\"lazy\" width=\"1020\" height=\"768\" data-id=\"17124\"  src=\"https:\/\/hegoaldeikastola.educacion.navarra.es\/web\/wp-content\/uploads\/2024\/12\/PXL_20241209_105136749.MP_.jpg\" alt=\"\" class=\"wp-image-17124\" srcset=\"https:\/\/hegoaldeikastola.educacion.navarra.es\/web\/wp-content\/uploads\/2024\/12\/PXL_20241209_105136749.MP_.jpg 1020w, https:\/\/hegoaldeikastola.educacion.navarra.es\/web\/wp-content\/uploads\/2024\/12\/PXL_20241209_105136749.MP_-300x226.jpg 300w, https:\/\/hegoaldeikastola.educacion.navarra.es\/web\/wp-content\/uploads\/2024\/12\/PXL_20241209_105136749.MP_-768x578.jpg 768w, https:\/\/hegoaldeikastola.educacion.navarra.es\/web\/wp-content\/uploads\/2024\/12\/PXL_20241209_105136749.MP_-398x300.jpg 398w\" sizes=\"(max-width: 1020px) 100vw, 1020px\" \/><\/a><\/figure>\n\n\n<figure class=\"wp-block-image size-large\"><a href=\"https:\/\/hegoaldeikastola.educacion.navarra.es\/web\/wp-content\/uploads\/2024\/12\/PXL_20241209_105441479.MP_.jpg\"><img loading=\"lazy\" width=\"1020\" height=\"768\" data-id=\"17118\"  src=\"https:\/\/hegoaldeikastola.educacion.navarra.es\/web\/wp-content\/uploads\/2024\/12\/PXL_20241209_105441479.MP_.jpg\" alt=\"\" class=\"wp-image-17118\" srcset=\"https:\/\/hegoaldeikastola.educacion.navarra.es\/web\/wp-content\/uploads\/2024\/12\/PXL_20241209_105441479.MP_.jpg 1020w, https:\/\/hegoaldeikastola.educacion.navarra.es\/web\/wp-content\/uploads\/2024\/12\/PXL_20241209_105441479.MP_-300x226.jpg 300w, https:\/\/hegoaldeikastola.educacion.navarra.es\/web\/wp-content\/uploads\/2024\/12\/PXL_20241209_105441479.MP_-768x578.jpg 768w, https:\/\/hegoaldeikastola.educacion.navarra.es\/web\/wp-content\/uploads\/2024\/12\/PXL_20241209_105441479.MP_-398x300.jpg 398w\" sizes=\"(max-width: 1020px) 100vw, 1020px\" \/><\/a><\/figure>\n\n\n<figure class=\"wp-block-image size-large\"><a href=\"https:\/\/hegoaldeikastola.educacion.navarra.es\/web\/wp-content\/uploads\/2024\/12\/PXL_20241209_111323813.MP_.jpg\"><img loading=\"lazy\" width=\"912\" height=\"684\" data-id=\"17121\"  src=\"https:\/\/hegoaldeikastola.educacion.navarra.es\/web\/wp-content\/uploads\/2024\/12\/PXL_20241209_111323813.MP_.jpg\" alt=\"\" class=\"wp-image-17121\" srcset=\"https:\/\/hegoaldeikastola.educacion.navarra.es\/web\/wp-content\/uploads\/2024\/12\/PXL_20241209_111323813.MP_.jpg 912w, https:\/\/hegoaldeikastola.educacion.navarra.es\/web\/wp-content\/uploads\/2024\/12\/PXL_20241209_111323813.MP_-300x225.jpg 300w, https:\/\/hegoaldeikastola.educacion.navarra.es\/web\/wp-content\/uploads\/2024\/12\/PXL_20241209_111323813.MP_-768x576.jpg 768w, https:\/\/hegoaldeikastola.educacion.navarra.es\/web\/wp-content\/uploads\/2024\/12\/PXL_20241209_111323813.MP_-400x300.jpg 400w\" sizes=\"(max-width: 912px) 100vw, 912px\" \/><\/a><\/figure><\/figure>\n","protected":false},"excerpt":{"rendered":"<p>Hoy hemos ido a la biblioteca de San Francisco a participar en un evento sobre \u201cIpuina eskuz esku\u201d en el que particip\u00f3 Hegoalde Ikastola. All\u00ed se encontraba Ana Jaka, la autora del comienzo del libro y hemos le\u00eddo diferentes partes &hellip; <a href=\"https:\/\/hegoaldeikastola.educacion.navarra.es\/web\/es\/blog\/2024\/12\/09\/cuento-en-cadena-2\/\">Sigue leyendo <span class=\"meta-nav\">&rarr;<\/span><\/a><\/p>\n","protected":false},"author":1,"featured_media":0,"comment_status":"open","ping_status":"open","sticky":false,"template":"","format":"standard","meta":[],"categories":[88,62],"tags":[],"featured_image_src":null,"featured_image_src_square":null,"author_info":{"display_name":"Administrazioa","author_link":"https:\/\/hegoaldeikastola.educacion.navarra.es\/web\/es\/blog\/author\/ikahegowpadmin\/"},"_links":{"self":[{"href":"https:\/\/hegoaldeikastola.educacion.navarra.es\/web\/es\/wp-json\/wp\/v2\/posts\/17127"}],"collection":[{"href":"https:\/\/hegoaldeikastola.educacion.navarra.es\/web\/es\/wp-json\/wp\/v2\/posts"}],"about":[{"href":"https:\/\/hegoaldeikastola.educacion.navarra.es\/web\/es\/wp-json\/wp\/v2\/types\/post"}],"author":[{"embeddable":true,"href":"https:\/\/hegoaldeikastola.educacion.navarra.es\/web\/es\/wp-json\/wp\/v2\/users\/1"}],"replies":[{"embeddable":true,"href":"https:\/\/hegoaldeikastola.educacion.navarra.es\/web\/es\/wp-json\/wp\/v2\/comments?post=17127"}],"version-history":[{"count":1,"href":"https:\/\/hegoaldeikastola.educacion.navarra.es\/web\/es\/wp-json\/wp\/v2\/posts\/17127\/revisions"}],"predecessor-version":[{"id":17128,"href":"https:\/\/hegoaldeikastola.educacion.navarra.es\/web\/es\/wp-json\/wp\/v2\/posts\/17127\/revisions\/17128"}],"wp:attachment":[{"href":"https:\/\/hegoaldeikastola.educacion.navarra.es\/web\/es\/wp-json\/wp\/v2\/media?parent=17127"}],"wp:term":[{"taxonomy":"category","embeddable":true,"href":"https:\/\/hegoaldeikastola.educacion.navarra.es\/web\/es\/wp-json\/wp\/v2\/categories?post=17127"},{"taxonomy":"post_tag","embeddable":true,"href":"https:\/\/hegoaldeikastola.educacion.navarra.es\/web\/es\/wp-json\/wp\/v2\/tags?post=17127"}],"curies":[{"name":"wp","href":"https:\/\/api.w.org\/{rel}","templated":true}]}}