{"id":19024,"date":"2025-05-26T23:00:05","date_gmt":"2025-05-26T21:00:05","guid":{"rendered":"https:\/\/hegoaldeikastola.educacion.navarra.es\/web\/blog\/2025\/05\/29\/euskaraldia-2025\/"},"modified":"2025-05-29T15:19:16","modified_gmt":"2025-05-29T13:19:16","slug":"euskaraldia-2025","status":"publish","type":"post","link":"https:\/\/hegoaldeikastola.educacion.navarra.es\/web\/es\/blog\/2025\/05\/26\/euskaraldia-2025\/","title":{"rendered":"EUSKARALDIA 2025"},"content":{"rendered":"\n<p>Este a\u00f1o, como cada dos, hemos disfrutado y aprendido con Euskaraldia en Hegoalde Ikastola. \u00a1Aqu\u00ed ten\u00e9is las fotos y v\u00eddeos!<\/p>\n\n<div class=\"wp-container-1 wp-block-buttons\">\n<div class=\"wp-block-button\"><a class=\"wp-block-button__link has-blue-background-color has-background\" href=\"https:\/\/photos.app.goo.gl\/qbB6bGj954Lg1hpG6\" target=\"_blank\" rel=\"noreferrer noopener\">FOTOS y V\u00cdDEOS<\/a><\/div>\n<\/div>\n\n<div class=\"wp-container-2 wp-block-buttons\">\n<div class=\"wp-block-button\"><a class=\"wp-block-button__link has-blue-background-color has-background\" href=\"https:\/\/drive.google.com\/file\/d\/1MSWXfbuLfaMAW__DXKx0NwaG13nqR59G\/view?usp=sharing\" target=\"_blank\" rel=\"noreferrer noopener\">XABIER FERNANDEZ con el 3\u00ba CICLO<\/a><\/div>\n<\/div>\n","protected":false},"excerpt":{"rendered":"<p>Este a\u00f1o, como cada dos, hemos disfrutado y aprendido con Euskaraldia en Hegoalde Ikastola. \u00a1Aqu\u00ed ten\u00e9is las fotos y v\u00eddeos!<\/p>\n","protected":false},"author":1,"featured_media":0,"comment_status":"open","ping_status":"open","sticky":false,"template":"","format":"standard","meta":[],"categories":[62,96],"tags":[],"featured_image_src":null,"featured_image_src_square":null,"author_info":{"display_name":"Administrazioa","author_link":"https:\/\/hegoaldeikastola.educacion.navarra.es\/web\/es\/blog\/author\/ikahegowpadmin\/"},"_links":{"self":[{"href":"https:\/\/hegoaldeikastola.educacion.navarra.es\/web\/es\/wp-json\/wp\/v2\/posts\/19024"}],"collection":[{"href":"https:\/\/hegoaldeikastola.educacion.navarra.es\/web\/es\/wp-json\/wp\/v2\/posts"}],"about":[{"href":"https:\/\/hegoaldeikastola.educacion.navarra.es\/web\/es\/wp-json\/wp\/v2\/types\/post"}],"author":[{"embeddable":true,"href":"https:\/\/hegoaldeikastola.educacion.navarra.es\/web\/es\/wp-json\/wp\/v2\/users\/1"}],"replies":[{"embeddable":true,"href":"https:\/\/hegoaldeikastola.educacion.navarra.es\/web\/es\/wp-json\/wp\/v2\/comments?post=19024"}],"version-history":[{"count":1,"href":"https:\/\/hegoaldeikastola.educacion.navarra.es\/web\/es\/wp-json\/wp\/v2\/posts\/19024\/revisions"}],"predecessor-version":[{"id":19025,"href":"https:\/\/hegoaldeikastola.educacion.navarra.es\/web\/es\/wp-json\/wp\/v2\/posts\/19024\/revisions\/19025"}],"wp:attachment":[{"href":"https:\/\/hegoaldeikastola.educacion.navarra.es\/web\/es\/wp-json\/wp\/v2\/media?parent=19024"}],"wp:term":[{"taxonomy":"category","embeddable":true,"href":"https:\/\/hegoaldeikastola.educacion.navarra.es\/web\/es\/wp-json\/wp\/v2\/categories?post=19024"},{"taxonomy":"post_tag","embeddable":true,"href":"https:\/\/hegoaldeikastola.educacion.navarra.es\/web\/es\/wp-json\/wp\/v2\/tags?post=19024"}],"curies":[{"name":"wp","href":"https:\/\/api.w.org\/{rel}","templated":true}]}}