{"id":6931,"date":"2021-11-08T12:09:05","date_gmt":"2021-11-08T11:09:05","guid":{"rendered":"https:\/\/hegoaldeikastola.educacion.navarra.es\/web\/blog\/2021\/11\/09\/prehistoria-2\/"},"modified":"2021-11-09T12:09:15","modified_gmt":"2021-11-09T11:09:15","slug":"prehistoria-2","status":"publish","type":"post","link":"https:\/\/hegoaldeikastola.educacion.navarra.es\/web\/es\/blog\/2021\/11\/08\/prehistoria-2\/","title":{"rendered":"Prehistoria"},"content":{"rendered":"\n<p>Hoy ha venido Javier Goienetxe para trabajar la Prehistoria. Nos ha tra\u00eddo materiales y herramientas y hemos podido ver c\u00f3mo viv\u00edan en el Paleolito, Neolito y Edad de los metales.; adem\u00e1s, \u00a1ha hecho fuego! <\/p>\n\n<figure class=\"wp-block-gallery aligncenter columns-2 is-cropped\"><ul class=\"blocks-gallery-grid\"><li class=\"blocks-gallery-item\"><figure><a href=\"https:\/\/hegoaldeikastola.educacion.navarra.es\/web\/wp-content\/uploads\/2021\/11\/IMG_5272.jpeg\"><img loading=\"lazy\" width=\"1024\" height=\"576\" src=\"https:\/\/hegoaldeikastola.educacion.navarra.es\/web\/wp-content\/uploads\/2021\/11\/IMG_5272-1024x576.jpeg\" alt=\"\" data-id=\"6926\" data-full-url=\"https:\/\/hegoaldeikastola.educacion.navarra.es\/web\/wp-content\/uploads\/2021\/11\/IMG_5272.jpeg\" data-link=\"https:\/\/hegoaldeikastola.educacion.navarra.es\/web\/?attachment_id=6926\" class=\"wp-image-6927\" srcset=\"https:\/\/hegoaldeikastola.educacion.navarra.es\/web\/wp-content\/uploads\/2021\/11\/IMG_5272-1024x576.jpeg 1024w, https:\/\/hegoaldeikastola.educacion.navarra.es\/web\/wp-content\/uploads\/2021\/11\/IMG_5272-300x169.jpeg 300w, https:\/\/hegoaldeikastola.educacion.navarra.es\/web\/wp-content\/uploads\/2021\/11\/IMG_5272-768x432.jpeg 768w, https:\/\/hegoaldeikastola.educacion.navarra.es\/web\/wp-content\/uploads\/2021\/11\/IMG_5272-1536x864.jpeg 1536w, https:\/\/hegoaldeikastola.educacion.navarra.es\/web\/wp-content\/uploads\/2021\/11\/IMG_5272-2048x1152.jpeg 2048w, https:\/\/hegoaldeikastola.educacion.navarra.es\/web\/wp-content\/uploads\/2021\/11\/IMG_5272-500x281.jpeg 500w\" sizes=\"(max-width: 1024px) 100vw, 1024px\" \/><\/a><\/figure><\/li><li class=\"blocks-gallery-item\"><figure><a href=\"https:\/\/hegoaldeikastola.educacion.navarra.es\/web\/wp-content\/uploads\/2021\/11\/IMG_5273.jpeg\"><img loading=\"lazy\" width=\"1024\" height=\"576\" src=\"https:\/\/hegoaldeikastola.educacion.navarra.es\/web\/wp-content\/uploads\/2021\/11\/IMG_5273-1024x576.jpeg\" alt=\"\" data-id=\"6928\" data-full-url=\"https:\/\/hegoaldeikastola.educacion.navarra.es\/web\/wp-content\/uploads\/2021\/11\/IMG_5273.jpeg\" data-link=\"https:\/\/hegoaldeikastola.educacion.navarra.es\/web\/?attachment_id=6928\" class=\"wp-image-6929\" srcset=\"https:\/\/hegoaldeikastola.educacion.navarra.es\/web\/wp-content\/uploads\/2021\/11\/IMG_5273-1024x576.jpeg 1024w, https:\/\/hegoaldeikastola.educacion.navarra.es\/web\/wp-content\/uploads\/2021\/11\/IMG_5273-300x169.jpeg 300w, https:\/\/hegoaldeikastola.educacion.navarra.es\/web\/wp-content\/uploads\/2021\/11\/IMG_5273-768x432.jpeg 768w, https:\/\/hegoaldeikastola.educacion.navarra.es\/web\/wp-content\/uploads\/2021\/11\/IMG_5273-1536x864.jpeg 1536w, https:\/\/hegoaldeikastola.educacion.navarra.es\/web\/wp-content\/uploads\/2021\/11\/IMG_5273-2048x1152.jpeg 2048w, https:\/\/hegoaldeikastola.educacion.navarra.es\/web\/wp-content\/uploads\/2021\/11\/IMG_5273-500x281.jpeg 500w\" sizes=\"(max-width: 1024px) 100vw, 1024px\" \/><\/a><\/figure><\/li><\/ul><\/figure>","protected":false},"excerpt":{"rendered":"<p>Hoy ha venido Javier Goienetxe para trabajar la Prehistoria. Nos ha tra\u00eddo materiales y herramientas y hemos podido ver c\u00f3mo viv\u00edan en el Paleolito, Neolito y Edad de los metales.; adem\u00e1s, \u00a1ha hecho fuego!<\/p>\n","protected":false},"author":1,"featured_media":0,"comment_status":"open","ping_status":"open","sticky":false,"template":"","format":"standard","meta":[],"categories":[88,62],"tags":[],"featured_image_src":null,"featured_image_src_square":null,"author_info":{"display_name":"Administrazioa","author_link":"https:\/\/hegoaldeikastola.educacion.navarra.es\/web\/es\/blog\/author\/ikahegowpadmin\/"},"_links":{"self":[{"href":"https:\/\/hegoaldeikastola.educacion.navarra.es\/web\/es\/wp-json\/wp\/v2\/posts\/6931"}],"collection":[{"href":"https:\/\/hegoaldeikastola.educacion.navarra.es\/web\/es\/wp-json\/wp\/v2\/posts"}],"about":[{"href":"https:\/\/hegoaldeikastola.educacion.navarra.es\/web\/es\/wp-json\/wp\/v2\/types\/post"}],"author":[{"embeddable":true,"href":"https:\/\/hegoaldeikastola.educacion.navarra.es\/web\/es\/wp-json\/wp\/v2\/users\/1"}],"replies":[{"embeddable":true,"href":"https:\/\/hegoaldeikastola.educacion.navarra.es\/web\/es\/wp-json\/wp\/v2\/comments?post=6931"}],"version-history":[{"count":2,"href":"https:\/\/hegoaldeikastola.educacion.navarra.es\/web\/es\/wp-json\/wp\/v2\/posts\/6931\/revisions"}],"predecessor-version":[{"id":6933,"href":"https:\/\/hegoaldeikastola.educacion.navarra.es\/web\/es\/wp-json\/wp\/v2\/posts\/6931\/revisions\/6933"}],"wp:attachment":[{"href":"https:\/\/hegoaldeikastola.educacion.navarra.es\/web\/es\/wp-json\/wp\/v2\/media?parent=6931"}],"wp:term":[{"taxonomy":"category","embeddable":true,"href":"https:\/\/hegoaldeikastola.educacion.navarra.es\/web\/es\/wp-json\/wp\/v2\/categories?post=6931"},{"taxonomy":"post_tag","embeddable":true,"href":"https:\/\/hegoaldeikastola.educacion.navarra.es\/web\/es\/wp-json\/wp\/v2\/tags?post=6931"}],"curies":[{"name":"wp","href":"https:\/\/api.w.org\/{rel}","templated":true}]}}